{"id":229,"date":"2010-08-13T11:14:24","date_gmt":"2010-08-13T09:14:24","guid":{"rendered":"http:\/\/www.buergerchain.at\/index.php\/2010\/08\/13\/buch-qmein-augeq\/"},"modified":"2010-08-13T11:14:24","modified_gmt":"2010-08-13T09:14:24","slug":"buch-qmein-augeq","status":"publish","type":"post","link":"https:\/\/www.sehenohnegrenzen.org\/index.php\/2010\/08\/13\/buch-qmein-augeq\/","title":{"rendered":"Buch &#8222;Mein Auge&#8220;"},"content":{"rendered":"<p>Im Sommer 2010 wurde das <a href=\"http:\/\/www.amazon.de\/Mein-Auge-Behandlungen-umfassend-erkl%C3%A4rt\/dp\/390255262X\/ref=sr_1_1?ie=UTF8&amp;s=books&amp;qid=1279988522&amp;sr=1-1\" target=\"_blank\">Buch &#8222;Mein Auge&#8220;<\/a> herausgegeben von Univ.-Prof. Dr. Andreas Wedrich, Univ.-Prof. Dr. Christoph Faschinger und Univ.-Prof. Dr. Otto Schmut. In zahlreichen Beitr\u00e4gen von Augen\u00e4rztInnen der Univ.-Augenklinik Graz wurden die allt\u00e4glichen Fragen unserer PatientInnen (hoffentlich) verst\u00e4ndlich erkl\u00e4rt. Unser Verein trat als Unterst\u00fctzer der Herstellungskosten auf. <\/p>\n<p> <img loading=\"lazy\" decoding=\"async\" class=\" size-full wp-image-228\" src=\"http:\/\/www.sehenohnegrenzen.org\/wp-content\/uploads\/2010\/08\/buchmeinauge.jpg\" border=\"0\" width=\"300\" height=\"300\" \/><\/p>\n","protected":false},"excerpt":{"rendered":"<p>Im Sommer 2010 wurde das Buch &#8222;Mein Auge&#8220; herausgegeben von Univ.-Prof. Dr. Andreas Wedrich, Univ.-Prof. Dr. Christoph Faschinger und Univ.-Prof. Dr. Otto Schmut. In zahlreichen Beitr\u00e4gen von Augen\u00e4rztInnen der Univ.-Augenklinik Graz wurden die allt\u00e4glichen Fragen unserer PatientInnen (hoffentlich) verst\u00e4ndlich erkl\u00e4rt. Unser Verein trat als Unterst\u00fctzer der Herstellungskosten auf.<\/p>\n","protected":false},"author":2,"featured_media":228,"comment_status":"closed","ping_status":"open","sticky":false,"template":"","format":"standard","meta":{"ngg_post_thumbnail":0,"footnotes":""},"categories":[19],"tags":[],"class_list":["post-229","post","type-post","status-publish","format-standard","has-post-thumbnail","hentry","category-aboutus"],"aioseo_notices":[],"_links":{"self":[{"href":"https:\/\/www.sehenohnegrenzen.org\/index.php\/wp-json\/wp\/v2\/posts\/229","targetHints":{"allow":["GET"]}}],"collection":[{"href":"https:\/\/www.sehenohnegrenzen.org\/index.php\/wp-json\/wp\/v2\/posts"}],"about":[{"href":"https:\/\/www.sehenohnegrenzen.org\/index.php\/wp-json\/wp\/v2\/types\/post"}],"author":[{"embeddable":true,"href":"https:\/\/www.sehenohnegrenzen.org\/index.php\/wp-json\/wp\/v2\/users\/2"}],"replies":[{"embeddable":true,"href":"https:\/\/www.sehenohnegrenzen.org\/index.php\/wp-json\/wp\/v2\/comments?post=229"}],"version-history":[{"count":0,"href":"https:\/\/www.sehenohnegrenzen.org\/index.php\/wp-json\/wp\/v2\/posts\/229\/revisions"}],"wp:featuredmedia":[{"embeddable":true,"href":"https:\/\/www.sehenohnegrenzen.org\/index.php\/wp-json\/wp\/v2\/media\/228"}],"wp:attachment":[{"href":"https:\/\/www.sehenohnegrenzen.org\/index.php\/wp-json\/wp\/v2\/media?parent=229"}],"wp:term":[{"taxonomy":"category","embeddable":true,"href":"https:\/\/www.sehenohnegrenzen.org\/index.php\/wp-json\/wp\/v2\/categories?post=229"},{"taxonomy":"post_tag","embeddable":true,"href":"https:\/\/www.sehenohnegrenzen.org\/index.php\/wp-json\/wp\/v2\/tags?post=229"}],"curies":[{"name":"wp","href":"https:\/\/api.w.org\/{rel}","templated":true}]}}