{"id":106,"date":"2005-10-26T10:50:52","date_gmt":"2005-10-26T08:50:52","guid":{"rendered":"http:\/\/www.buergerchain.at\/index.php\/2005\/10\/26\/charity-und-publicity\/"},"modified":"2020-07-09T22:37:02","modified_gmt":"2020-07-09T20:37:02","slug":"charity-und-publicity","status":"publish","type":"post","link":"https:\/\/www.sehenohnegrenzen.org\/index.php\/2005\/10\/26\/charity-und-publicity\/","title":{"rendered":"Charity und Publicity"},"content":{"rendered":"<h2>Verleihung des Gro\u00dfen Josef Krainer Preises 2005<\/h2>\n<p>Am 18.3.2005 wurde im Rahmen einer Feier im weissen Saal der Grazer Burg dem Verein &#8222;Sehen ohne Grenzen&#8220; der Gro\u00dfe Josef Krainer Preis 2005 von Frau Landeshauptmann Waltraud Klasnic und Herrn Landeshauptmann i.R. Dr. Josef Krainer \u00fcberreicht. Die Laudation wurde von Herrn LR Univ.-Prof. DDr. G. Sch\u00f6pfer gehalten. Welch Gro\u00dfe Ehre und Freude! Eine wunderbare Anerkennung unserer Hilfst\u00e4tigkeiten, wof\u00fcr wir uns sehr herzlich bedanken.<\/p>\n<table width=\"100%\" border=\"0\" align=\"center\">\n<tbody>\n<tr>\n<td style=\"text-align: left;\"><strong>Fotos von der Verleihung des Josef-Krainer-Preises<\/strong><\/td>\n<\/tr>\n<tr>\n<td>\n<table width=\"100%\" border=\"0\">\n<tbody>\n<tr>\n<td style=\"text-align: center; margin-top: 0px; margin-bottom: 0px; padding: 5px;\"><a href=\"http:\/\/www.sehenohnegrenzen.org\/wp-content\/uploads\/2005\/10\/krainer_preis_1.jpg\" target=\"_blank\" rel=\"noopener noreferrer\"><img loading=\"lazy\" decoding=\"async\" class=\" size-full wp-image-96\" src=\"http:\/\/www.sehenohnegrenzen.org\/wp-content\/uploads\/2005\/10\/thumb_krainer_preis_1.jpg\" alt=\"MGM Thumb\" width=\"200\" height=\"143\" border=\"0\"><\/a><\/td>\n<td style=\"text-align: center; margin-top: 0px; margin-bottom: 0px; padding: 5px;\"><a href=\"http:\/\/www.sehenohnegrenzen.org\/wp-content\/uploads\/2005\/10\/krainer_preis_2.jpg\" target=\"_blank\" rel=\"noopener noreferrer\"><img loading=\"lazy\" decoding=\"async\" class=\" size-full wp-image-98\" src=\"http:\/\/www.sehenohnegrenzen.org\/wp-content\/uploads\/2005\/10\/thumb_krainer_preis_2.jpg\" alt=\"MGM Thumb\" width=\"200\" height=\"133\" border=\"0\"><\/a><\/td>\n<\/tr>\n<\/tbody>\n<\/table>\n<\/td>\n<\/tr>\n<\/tbody>\n<\/table>\n<h2>Verleihung der Humanitas Medaille 2005<\/h2>\n<p>Am 19.11.2005, dem &#8222;Tag des Ehrenamtes&#8220;, erhielt der Verein &#8222;Sehen ohne Grenzen&#8220; neben anderen verdienten Pers\u00f6nlichkeiten der Steiermark von Frau Landeshauptmann i.R. Waltraud Klasnic und Herrn Dr. Kurt Bergmann die Humanitas Medialle 2005. Welch gro\u00dfe Freude!<br \/>\nAn diesem Tage werden allj\u00e4hrlich Menschen geehrt, die sich freiwillig f\u00fcr einen guten Zweck einsetzen. Die Nominierung erfolgt durch die B\u00fcrger, die Auswahl trifft eine unabh\u00e4ngige Jury unter Leitung von Dr. Kurt Bergmann. Die Verleihung fand in feierlichem Rahmen in Anwesenheit zahlreicher hoher Festg\u00e4ste im ORF-Landesstudio Steiermark, Graz unter dem Motto &#8222;Humanitas &#8211; Helfen ist Ehrensache&#8220; statt. Der Moderator DDr. Bernhard Pelzl sprach von einer hervorragend funktionierenden &#8222;Licht&#8220;-Wirtschaft.<\/p>\n<table width=\"100%\" border=\"0\" align=\"center\">\n<tbody>\n<tr>\n<td style=\"text-align: left;\"><strong>Humanitas Medaille 2005<\/strong><\/td>\n<\/tr>\n<tr>\n<td>\n<table width=\"100%\" border=\"0\">\n<tbody>\n<tr>\n<td style=\"text-align: center; margin-top: 0px; margin-bottom: 0px; padding: 5px;\"><a href=\"http:\/\/www.sehenohnegrenzen.org\/wp-content\/uploads\/2005\/10\/chr_martin.jpg\" target=\"_blank\" rel=\"noopener noreferrer\"><img loading=\"lazy\" decoding=\"async\" class=\" size-full wp-image-100\" src=\"http:\/\/www.sehenohnegrenzen.org\/wp-content\/uploads\/2005\/10\/thumb_chr_martin.jpg\" alt=\"MGM Thumb\" width=\"100\" height=\"95\" border=\"0\"><\/a><\/td>\n<td style=\"text-align: center; margin-top: 0px; margin-bottom: 0px; padding: 5px;\"><a href=\"http:\/\/www.sehenohnegrenzen.org\/wp-content\/uploads\/2005\/10\/grandprix.jpg\" target=\"_blank\" rel=\"noopener noreferrer\"><img loading=\"lazy\" decoding=\"async\" class=\" size-full wp-image-102\" src=\"http:\/\/www.sehenohnegrenzen.org\/wp-content\/uploads\/2005\/10\/thumb_grandprix.jpg\" alt=\"MGM Thumb\" width=\"100\" height=\"75\" border=\"0\"><\/a><\/td>\n<td style=\"text-align: center; margin-top: 0px; margin-bottom: 0px; padding: 5px;\"><a href=\"http:\/\/www.sehenohnegrenzen.org\/wp-content\/uploads\/2005\/10\/medaille.jpg\" target=\"_blank\" rel=\"noopener noreferrer\"><img loading=\"lazy\" decoding=\"async\" class=\" size-full wp-image-104\" src=\"http:\/\/www.sehenohnegrenzen.org\/wp-content\/uploads\/2005\/10\/thumb_medaille.jpg\" alt=\"MGM Thumb\" width=\"100\" height=\"75\" border=\"0\"><\/a><\/td>\n<\/tr>\n<\/tbody>\n<\/table>\n<\/td>\n<\/tr>\n<\/tbody>\n<\/table>\n<h2>&nbsp;<\/h2>\n","protected":false},"excerpt":{"rendered":"<p>Verleihung des Gro\u00dfen Josef Krainer Preises 2005 Am 18.3.2005 wurde im Rahmen einer Feier im weissen Saal der Grazer Burg dem Verein &#8222;Sehen ohne Grenzen&#8220; der Gro\u00dfe Josef Krainer Preis 2005 von Frau Landeshauptmann Waltraud Klasnic und Herrn Landeshauptmann i.R. Dr. Josef Krainer \u00fcberreicht. Die Laudation wurde von Herrn LR Univ.-Prof. DDr. G. Sch\u00f6pfer gehalten. [&hellip;]<\/p>\n","protected":false},"author":2,"featured_media":83,"comment_status":"closed","ping_status":"open","sticky":false,"template":"","format":"standard","meta":{"ngg_post_thumbnail":0,"footnotes":""},"categories":[19],"tags":[],"class_list":["post-106","post","type-post","status-publish","format-standard","has-post-thumbnail","hentry","category-aboutus"],"aioseo_notices":[],"_links":{"self":[{"href":"https:\/\/www.sehenohnegrenzen.org\/index.php\/wp-json\/wp\/v2\/posts\/106","targetHints":{"allow":["GET"]}}],"collection":[{"href":"https:\/\/www.sehenohnegrenzen.org\/index.php\/wp-json\/wp\/v2\/posts"}],"about":[{"href":"https:\/\/www.sehenohnegrenzen.org\/index.php\/wp-json\/wp\/v2\/types\/post"}],"author":[{"embeddable":true,"href":"https:\/\/www.sehenohnegrenzen.org\/index.php\/wp-json\/wp\/v2\/users\/2"}],"replies":[{"embeddable":true,"href":"https:\/\/www.sehenohnegrenzen.org\/index.php\/wp-json\/wp\/v2\/comments?post=106"}],"version-history":[{"count":4,"href":"https:\/\/www.sehenohnegrenzen.org\/index.php\/wp-json\/wp\/v2\/posts\/106\/revisions"}],"predecessor-version":[{"id":1237,"href":"https:\/\/www.sehenohnegrenzen.org\/index.php\/wp-json\/wp\/v2\/posts\/106\/revisions\/1237"}],"wp:featuredmedia":[{"embeddable":true,"href":"https:\/\/www.sehenohnegrenzen.org\/index.php\/wp-json\/wp\/v2\/media\/83"}],"wp:attachment":[{"href":"https:\/\/www.sehenohnegrenzen.org\/index.php\/wp-json\/wp\/v2\/media?parent=106"}],"wp:term":[{"taxonomy":"category","embeddable":true,"href":"https:\/\/www.sehenohnegrenzen.org\/index.php\/wp-json\/wp\/v2\/categories?post=106"},{"taxonomy":"post_tag","embeddable":true,"href":"https:\/\/www.sehenohnegrenzen.org\/index.php\/wp-json\/wp\/v2\/tags?post=106"}],"curies":[{"name":"wp","href":"https:\/\/api.w.org\/{rel}","templated":true}]}}